{"id":7022,"date":"2024-01-16T14:52:43","date_gmt":"2024-01-16T14:52:43","guid":{"rendered":"https:\/\/grebenzen.at\/?p=7022"},"modified":"2024-01-16T14:52:44","modified_gmt":"2024-01-16T14:52:44","slug":"einjahresfeier-gondelbahn","status":"publish","type":"post","link":"https:\/\/grebenzen.at\/hu\/einjahresfeier-gondelbahn\/","title":{"rendered":"1 \u00e9ves \u00fcnnepl\u00e9s a gondolavas\u00faton"},"content":{"rendered":"<div data-elementor-type=\"wp-post\" data-elementor-id=\"7022\" class=\"elementor elementor-7022\" data-elementor-post-type=\"post\">\n\t\t\t\t\t\t<section data-particle_enable=\"false\" data-particle-mobile-disabled=\"false\" class=\"elementor-section elementor-top-section elementor-element elementor-element-4728f32c elementor-section-full_width elementor-section-height-default elementor-section-height-default\" data-id=\"4728f32c\" data-element_type=\"section\" data-e-type=\"section\">\n\t\t\t\t\t\t<div class=\"elementor-container elementor-column-gap-default\">\n\t\t\t\t\t<div class=\"elementor-column elementor-col-100 elementor-top-column elementor-element elementor-element-1d9550ed\" data-id=\"1d9550ed\" data-element_type=\"column\" data-e-type=\"column\">\n\t\t\t<div class=\"elementor-widget-wrap elementor-element-populated\">\n\t\t\t\t\t\t<div class=\"elementor-element elementor-element-297e9e17 elementor-widget elementor-widget-heading\" data-id=\"297e9e17\" data-element_type=\"widget\" data-e-type=\"widget\" data-widget_type=\"heading.default\">\n\t\t\t\t<div class=\"elementor-widget-container\">\n\t\t\t\t\t<h1 class=\"elementor-heading-title elementor-size-xxl\">\ud83e\udd73\ud83d\udea1\ud83c\udf82 A GrebenTEN gondolavas\u00fat sz\u00fclet\u00e9snapj\u00e1t \u00fcnnepli \ud83e\udd73\ud83d\udea1\ud83c\udf82<\/h1>\t\t\t\t<\/div>\n\t\t\t\t<\/div>\n\t\t\t\t<div class=\"elementor-element elementor-element-8ae47a5 elementor-widget elementor-widget-text-editor\" data-id=\"8ae47a5\" data-element_type=\"widget\" data-e-type=\"widget\" data-widget_type=\"text-editor.default\">\n\t\t\t\t<div class=\"elementor-widget-container\">\n\t\t\t\t\t\t\t\t\t<div><p><b><span lang=\"DE\">Ein Jahr nach der offiziellen Er\u00f6ffnung wird in St. Lambrecht wieder gefeiert. Am 20. J\u00e4nner 2024 warten viele tolle Attraktionen und Verg\u00fcnstigungen auf die Skifahrer und Besucher.<\/span><\/b><\/p><\/div>\t\t\t\t\t\t\t\t<\/div>\n\t\t\t\t<\/div>\n\t\t\t\t<div class=\"elementor-element elementor-element-9068076 elementor-widget elementor-widget-image\" data-id=\"9068076\" data-element_type=\"widget\" data-e-type=\"widget\" data-widget_type=\"image.default\">\n\t\t\t\t<div class=\"elementor-widget-container\">\n\t\t\t\t\t\t\t\t\t\t\t\t\t\t\t<img fetchpriority=\"high\" decoding=\"async\" width=\"980\" height=\"708\" src=\"https:\/\/grebenzen.at\/wp-content\/uploads\/2024\/01\/Woche_Grebenzen_Jahresfeier_200x128-1000x722.jpg\" class=\"attachment-large size-large wp-image-7025\" alt=\"\" srcset=\"https:\/\/grebenzen.at\/wp-content\/uploads\/2024\/01\/Woche_Grebenzen_Jahresfeier_200x128-1000x722.jpg 1000w, https:\/\/grebenzen.at\/wp-content\/uploads\/2024\/01\/Woche_Grebenzen_Jahresfeier_200x128-300x217.jpg 300w, https:\/\/grebenzen.at\/wp-content\/uploads\/2024\/01\/Woche_Grebenzen_Jahresfeier_200x128-150x108.jpg 150w, https:\/\/grebenzen.at\/wp-content\/uploads\/2024\/01\/Woche_Grebenzen_Jahresfeier_200x128-768x555.jpg 768w, https:\/\/grebenzen.at\/wp-content\/uploads\/2024\/01\/Woche_Grebenzen_Jahresfeier_200x128-1536x1109.jpg 1536w, https:\/\/grebenzen.at\/wp-content\/uploads\/2024\/01\/Woche_Grebenzen_Jahresfeier_200x128-2048x1479.jpg 2048w, https:\/\/grebenzen.at\/wp-content\/uploads\/2024\/01\/Woche_Grebenzen_Jahresfeier_200x128-18x12.jpg 18w\" sizes=\"(max-width: 980px) 100vw, 980px\" \/>\t\t\t\t\t\t\t\t\t\t\t\t\t\t\t<\/div>\n\t\t\t\t<\/div>\n\t\t\t\t<div class=\"elementor-element elementor-element-b74f967 elementor-widget elementor-widget-text-editor\" data-id=\"b74f967\" data-element_type=\"widget\" data-e-type=\"widget\" data-widget_type=\"text-editor.default\">\n\t\t\t\t<div class=\"elementor-widget-container\">\n\t\t\t\t\t\t\t\t\t<div dir=\"auto\">Vor einem Jahr fand die offizielle Er\u00f6ffnungsfeier statt, Grund genug um noch einmal zu feiern. Unsere G\u00e4ste erhalten an diesem Tag -20 % auf alle Tagesskikarten, es gibt was auf die Ohren von einem Antenne-Steiermark-DJ, f\u00fcr die Kleinen gibt es Mickey und Freunde, Ponyreiten und einen Zauberer. Die sportlichen k\u00f6nnen beim Elan Skitest neue Bretter testen und unsere Gastrobetriebe haben f\u00fcr euch auch teilweise Spezialit\u00e4ten am Start. Am Abend k\u00f6nnt ihr dann verg\u00fcnstigt Rodeln sowie unsere Skishow und ein Feuerwerk bestaunen&#8230;.<\/div>\t\t\t\t\t\t\t\t<\/div>\n\t\t\t\t<\/div>\n\t\t\t\t\t<\/div>\n\t\t<\/div>\n\t\t\t\t\t<\/div>\n\t\t<\/section>\n\t\t\t\t<section data-particle_enable=\"false\" data-particle-mobile-disabled=\"false\" class=\"elementor-section elementor-top-section elementor-element elementor-element-d143642 elementor-section-boxed elementor-section-height-default elementor-section-height-default\" data-id=\"d143642\" data-element_type=\"section\" data-e-type=\"section\">\n\t\t\t\t\t\t<div class=\"elementor-container elementor-column-gap-default\">\n\t\t\t\t\t<div class=\"elementor-column elementor-col-100 elementor-top-column elementor-element elementor-element-c6c9d6e\" data-id=\"c6c9d6e\" data-element_type=\"column\" data-e-type=\"column\">\n\t\t\t<div class=\"elementor-widget-wrap elementor-element-populated\">\n\t\t\t\t\t\t<div class=\"elementor-element elementor-element-2c44258 elementor-widget elementor-widget-heading\" data-id=\"2c44258\" data-element_type=\"widget\" data-e-type=\"widget\" data-widget_type=\"heading.default\">\n\t\t\t\t<div class=\"elementor-widget-container\">\n\t\t\t\t\t<h2 class=\"elementor-heading-title elementor-size-xxl\">Programm und Verg\u00fcnstigungen<\/h2>\t\t\t\t<\/div>\n\t\t\t\t<\/div>\n\t\t\t\t<div class=\"elementor-element elementor-element-84d7974 elementor-widget elementor-widget-text-editor\" data-id=\"84d7974\" data-element_type=\"widget\" data-e-type=\"widget\" data-widget_type=\"text-editor.default\">\n\t\t\t\t<div class=\"elementor-widget-container\">\n\t\t\t\t\t\t\t\t\t<div><ul><li><b><span lang=\"DE\">20% auf alle Tagesskikarten<\/span><\/b><\/li><li>10 &#8211; 16 Uhr Antenne DJ bei der Talstation<\/li><li>9 &#8211; 16 Uhr Elan Skitest<\/li><li>ganzt\u00e4gig Gastro-Specials unserer Wirt an der Talstation<\/li><li>12 &#8211; 14 Uhr Kleinkinder-Ponyreiten vom Schilcherhof<\/li><li>13 &#8211; 15 Uhr Mickey Maus und Freunde<\/li><li>14 Uhr Kinderzauberer<\/li><li>18 Uhr Skishow mit anschlie\u00dfendem Feuerwerk<\/li><li>Abendrodeln verg\u00fcnstigt &#8211; \u20ac 10,- f\u00fcr Erwachsene, \u20ac 7,- f\u00fcr Jugendliche und \u20ac 5,- f\u00fcr Kinder<\/li><\/ul><\/div>\t\t\t\t\t\t\t\t<\/div>\n\t\t\t\t<\/div>\n\t\t\t\t\t<\/div>\n\t\t<\/div>\n\t\t\t\t\t<\/div>\n\t\t<\/section>\n\t\t\t\t<\/div>","protected":false},"excerpt":{"rendered":"<p>\ud83e\udd73\ud83d\udea1\ud83c\udf82 A GrebenTEN gondolavas\u00fat sz\u00fclet\u00e9snapj\u00e1t \u00fcnnepli \ud83e\udd73\ud83d\udea1\ud83c\udf82<\/p>","protected":false},"author":1,"featured_media":7025,"comment_status":"closed","ping_status":"open","sticky":false,"template":"","format":"standard","meta":{"inline_featured_image":false,"footnotes":""},"categories":[1],"tags":[],"class_list":["post-7022","post","type-post","status-publish","format-standard","has-post-thumbnail","hentry","category-uncategorized"],"publishpress_future_action":{"enabled":false,"date":"2026-05-08 21:04:41","action":"change-status","newStatus":"draft","terms":[],"taxonomy":"category","extraData":[]},"publishpress_future_workflow_manual_trigger":{"enabledWorkflows":[]},"_links":{"self":[{"href":"https:\/\/grebenzen.at\/hu\/wp-json\/wp\/v2\/posts\/7022","targetHints":{"allow":["GET"]}}],"collection":[{"href":"https:\/\/grebenzen.at\/hu\/wp-json\/wp\/v2\/posts"}],"about":[{"href":"https:\/\/grebenzen.at\/hu\/wp-json\/wp\/v2\/types\/post"}],"author":[{"embeddable":true,"href":"https:\/\/grebenzen.at\/hu\/wp-json\/wp\/v2\/users\/1"}],"replies":[{"embeddable":true,"href":"https:\/\/grebenzen.at\/hu\/wp-json\/wp\/v2\/comments?post=7022"}],"version-history":[{"count":9,"href":"https:\/\/grebenzen.at\/hu\/wp-json\/wp\/v2\/posts\/7022\/revisions"}],"predecessor-version":[{"id":7032,"href":"https:\/\/grebenzen.at\/hu\/wp-json\/wp\/v2\/posts\/7022\/revisions\/7032"}],"wp:featuredmedia":[{"embeddable":true,"href":"https:\/\/grebenzen.at\/hu\/wp-json\/wp\/v2\/media\/7025"}],"wp:attachment":[{"href":"https:\/\/grebenzen.at\/hu\/wp-json\/wp\/v2\/media?parent=7022"}],"wp:term":[{"taxonomy":"category","embeddable":true,"href":"https:\/\/grebenzen.at\/hu\/wp-json\/wp\/v2\/categories?post=7022"},{"taxonomy":"post_tag","embeddable":true,"href":"https:\/\/grebenzen.at\/hu\/wp-json\/wp\/v2\/tags?post=7022"}],"curies":[{"name":"wp","href":"https:\/\/api.w.org\/{rel}","templated":true}]}}